{"id":69499,"date":"2025-08-06T09:49:28","date_gmt":"2025-08-06T06:49:28","guid":{"rendered":"https:\/\/www.sweco.fi\/?p=69499"},"modified":"2025-08-06T16:35:52","modified_gmt":"2025-08-06T13:35:52","slug":"new-appointments-in-sweco-finlands-management","status":"publish","type":"post","link":"https:\/\/www.sweco.fi\/en\/insight\/press-releases\/new-appointments-in-sweco-finlands-management\/","title":{"rendered":"New appointments in Sweco Finland&#8217;s management"},"content":{"rendered":"<section class=\"block fwmb\" >\n\t<div class=\"block__inner editor-content fwmb__inner fwmb__inner--right fwmb__inner--image\">\n\n        <div class=\"fwmb__media col col-12\">\n\t\t\t<img loading=\"lazy\" decoding=\"async\" width=\"1680\" height=\"560\" src=\"https:\/\/www.sweco.fi\/wp-content\/uploads\/sites\/7\/2025\/08\/Uusia-nimityksia-Sweco-Finlandin-johdossa.jpg\" class=\"attachment-fwmb-image size-fwmb-image\" alt=\"Swecon Director, Mission Critical &amp; Export for Built Environment Ismo Tawast ja Talot ja kiinteist\u00f6t -toimialajohtaja ja johtoryhm\u00e4n j\u00e4sen Jouni Ylh\u00e4inen 1.9.2025 alkaen.\" srcset=\"https:\/\/www.sweco.fi\/wp-content\/uploads\/sites\/7\/2025\/08\/Uusia-nimityksia-Sweco-Finlandin-johdossa.jpg 1680w, https:\/\/www.sweco.fi\/wp-content\/uploads\/sites\/7\/2025\/08\/Uusia-nimityksia-Sweco-Finlandin-johdossa-200x67.jpg 200w, https:\/\/www.sweco.fi\/wp-content\/uploads\/sites\/7\/2025\/08\/Uusia-nimityksia-Sweco-Finlandin-johdossa-768x256.jpg 768w, https:\/\/www.sweco.fi\/wp-content\/uploads\/sites\/7\/2025\/08\/Uusia-nimityksia-Sweco-Finlandin-johdossa-1536x512.jpg 1536w, https:\/\/www.sweco.fi\/wp-content\/uploads\/sites\/7\/2025\/08\/Uusia-nimityksia-Sweco-Finlandin-johdossa-520x173.jpg 520w, https:\/\/www.sweco.fi\/wp-content\/uploads\/sites\/7\/2025\/08\/Uusia-nimityksia-Sweco-Finlandin-johdossa-800x267.jpg 800w, https:\/\/www.sweco.fi\/wp-content\/uploads\/sites\/7\/2025\/08\/Uusia-nimityksia-Sweco-Finlandin-johdossa-900x300.jpg 900w, https:\/\/www.sweco.fi\/wp-content\/uploads\/sites\/7\/2025\/08\/Uusia-nimityksia-Sweco-Finlandin-johdossa-1350x450.jpg 1350w, https:\/\/www.sweco.fi\/wp-content\/uploads\/sites\/7\/2025\/08\/Uusia-nimityksia-Sweco-Finlandin-johdossa-652x217.jpg 652w\" sizes=\"auto, (max-width: 1680px) 100vw, 1680px\" \/>\t\t<\/div>\n\n        \n        \n\t<\/div>\n<\/section>\n\n<section class=\"block cb block--white\" >\n\t<div class=\"block__inner cb__inner cb__inner--one\">\n\t<div class=\"col--12 col--center col--wrapper\">\n\t\t<div class=\"col col--6 editor-content\">\n\t\t\t<h1><b><span data-contrast=\"auto\">New appointments in Sweco Finland&#8217;s management<\/span><\/b><\/h1>\n<p>Published: August 6, 2025<\/p>\n<p><b><span data-contrast=\"auto\">Sweco has made two new appointments to support the implementation of the company&#8217;s growth strategy. Ismo Tawast, who has acted as Director of the Buildings Division, has been appointed Director, Mission Critical &amp; Export for Built Environment as of 1 September 2025. Jouni Ylh\u00e4inen has been appointed as the new Division Director and member of Sweco Finland&#8217;s Management Team, and he will start in his position at the beginning of September.\u00a0<\/span><\/b><span data-ccp-props=\"{&quot;469777462&quot;:[0,567,1276,2552,3828,5103,6379,8364],&quot;469777927&quot;:[0,0,0,0,0,0,0,0],&quot;469777928&quot;:[1,1,1,1,1,1,1,4]}\">\u00a0<\/span><\/p>\n<p><span data-contrast=\"auto\">From the beginning of September, Ismo Tawast, Lic.Sc. (Tech.), will be responsible for leading export and special projects enabling growth.<\/span><span data-ccp-props=\"{&quot;469777462&quot;:[0,567,1276,2552,3828,5103,6379,8364],&quot;469777927&quot;:[0,0,0,0,0,0,0,0],&quot;469777928&quot;:[1,1,1,1,1,1,1,4]}\">\u00a0<\/span><\/p>\n<p><span data-ccp-props=\"{&quot;469777462&quot;:[0,567,1276,2552,3828,5103,6379,8364],&quot;469777927&quot;:[0,0,0,0,0,0,0,0],&quot;469777928&quot;:[1,1,1,1,1,1,1,4]}\">\u00a0<\/span><span style=\"font-size: 1rem\" data-contrast=\"auto\">&#8220;Export projects in the built environment and fast-growing business areas, such as demanding data centre projects, are significant growth areas for Sweco, where we can offer a wide range of experience and expertise both in Finland and internationally. However, the implementation of these demanding projects and the export of our expertise to international markets requires systematic leadership and good international networks, and I am excited to take on my new role in promoting this business that supports our growth strategy,&#8221; <\/span><span style=\"font-size: 1rem\">says <\/span><b style=\"font-size: 1rem\"><span data-contrast=\"auto\">Ismo Tawast<\/span><\/b><span style=\"font-size: 1rem\" data-contrast=\"auto\">.<\/span><span style=\"font-size: 1rem\" data-ccp-props=\"{&quot;469777462&quot;:[0,567,1276,2552,3828,5103,6379,8364],&quot;469777927&quot;:[0,0,0,0,0,0,0,0],&quot;469777928&quot;:[1,1,1,1,1,1,1,4]}\">\u00a0<\/span><\/p>\n<p><span data-ccp-props=\"{&quot;469777462&quot;:[0,567,1276,2552,3828,5103,6379,8364],&quot;469777927&quot;:[0,0,0,0,0,0,0,0],&quot;469777928&quot;:[1,1,1,1,1,1,1,4]}\">\u00a0<\/span><span data-contrast=\"auto\">Jouni Ylh\u00e4inen, M.Eng, will start as Division Director of the Buildings Division at the beginning of September. Jouni has been employed by Sweco since 2005, and his most recent position was to lead a business unit of approximately 250 experts.\u00a0<\/span><span data-ccp-props=\"{&quot;469777462&quot;:[0,567,1276,2552,3828,5103,6379,8364],&quot;469777927&quot;:[0,0,0,0,0,0,0,0],&quot;469777928&quot;:[1,1,1,1,1,1,1,4]}\">\u00a0<\/span><\/p>\n<p><span data-ccp-props=\"{&quot;469777462&quot;:[0,567,1276,2552,3828,5103,6379,8364],&quot;469777927&quot;:[0,0,0,0,0,0,0,0],&quot;469777928&quot;:[1,1,1,1,1,1,1,4]}\">\u00a0<\/span><span data-contrast=\"auto\">&#8220;Our society is changing at an accelerating pace, and urbanisation, climate change, digitalisation and the tightening requirements of construction require increasingly multidisciplinary expertise. Sweco offers wide-ranging expertise in all areas of the built environment, and it is great to be leading this multidisciplinary group of experts as part of the wider Sweco organisation,&#8221; <\/span>says<b><span data-contrast=\"auto\"> Jouni Ylh\u00e4inen<\/span><\/b><span data-contrast=\"auto\">.<\/span><span data-ccp-props=\"{&quot;469777462&quot;:[0,567,1276,2552,3828,5103,6379,8364],&quot;469777927&quot;:[0,0,0,0,0,0,0,0],&quot;469777928&quot;:[1,1,1,1,1,1,1,4]}\">\u00a0<\/span><\/p>\n<p><span data-contrast=\"auto\">Sweco&#8217;s Buildings Division employs approximately 1,000 people in Finland. The division offers multidisciplinary technical design, consulting and expert services for all types of buildings and all phases of the life cycle, covering the special design fields of both new construction and renovation.<\/span><\/p>\n<p><span data-contrast=\"auto\">&#8220;Jouni has a long career at Sweco and knows both our organisation and our clients well. He has a good understanding of our business and long experience in leadership positions. Under Jouni&#8217;s leadership, we will continue to promote our growth strategy in one of our largest divisions. Ismo, on the other hand, has excellent experience and capabilities to support exports that are important for our growth as well as new fast-growing business areas, such as data center projects. This is a new and significant role with which we will advance our growth strategy and support our clients in the implementation of demanding projects,&#8221; <\/span>says<b><span data-contrast=\"auto\"> Thomas Hietto<\/span><\/b><span data-contrast=\"auto\">, Managing Director of Sweco Finland.<\/span><span data-ccp-props=\"{&quot;469777462&quot;:[0,567,1276,2552,3828,5103,6379,8364],&quot;469777927&quot;:[0,0,0,0,0,0,0,0],&quot;469777928&quot;:[1,1,1,1,1,1,1,4]}\">\u00a0<\/span><span data-ccp-props=\"{&quot;201341983&quot;:2,&quot;335559739&quot;:130,&quot;335559740&quot;:260,&quot;469777462&quot;:[0,567,1276,2552,3828,5103,6379,8364],&quot;469777927&quot;:[0,0,0,0,0,0,0,0],&quot;469777928&quot;:[0,0,0,0,0,0,0,0]}\">\u00a0<\/span><\/p>\n<p><b><span data-contrast=\"auto\">For additional information, please contact:<\/span><\/b><span data-ccp-props=\"{&quot;201341983&quot;:2,&quot;335559739&quot;:130,&quot;335559740&quot;:260,&quot;469777462&quot;:[0,567,1276,2552,3828,5103,6379,8364],&quot;469777927&quot;:[0,0,0,0,0,0,0,0],&quot;469777928&quot;:[0,0,0,0,0,0,0,0]}\"><br \/>\n<\/span><span style=\"font-size: 1rem\">Thomas <\/span><span style=\"font-size: 1rem\">Hietto<\/span><span style=\"font-size: 1rem\">, Managing Director, Sweco Finland, tel. <\/span><span style=\"font-size: 1rem\">+358 <\/span><span style=\"font-size: 1rem\">40 047 4093, thomas.hietto@sweco.fi<br \/>\n<\/span><span style=\"font-size: 1rem\">Jouni Ylh\u00e4inen, Division Director (as of 1 September), Sweco Finland, tel. +358 40 716 1139, jouni.ylhainen@sweco.fi<br \/>\n<\/span><span style=\"font-size: 1rem\">Ismo <\/span><span style=\"font-size: 1rem\">Tawast<\/span><span style=\"font-size: 1rem\">, Director, Mission Critical &amp; Export for Built Environment (<\/span><span style=\"font-size: 1rem\">as of 1 September<\/span><span style=\"font-size: 1rem\">), Sweco Finland, <\/span><span style=\"font-size: 1rem\">tel. +358 <\/span><span style=\"font-size: 1rem\">40 528 7432, ismo.tawast@sweco.fi<br \/>\n<\/span><span style=\"font-size: 1rem\">Sanna <\/span><span style=\"font-size: 1rem\">Huopio<\/span><span style=\"font-size: 1rem\">, Communications Director, Sweco Finland, tel. <\/span><span style=\"font-size: 1rem\">+358<\/span> <span style=\"font-size: 1rem\">50 302 8898, sanna.huopio@sweco.fi<\/span><\/p>\n\t\t<\/div>\n\t<\/div>\n<\/div>\n<\/section>\n","protected":false},"excerpt":{"rendered":"<p>Sweco has made two new appointments to support the implementation of the company&#8217;s growth strategy.<\/p>\n","protected":false},"author":175,"featured_media":69541,"comment_status":"closed","ping_status":"closed","sticky":false,"template":"","format":"standard","meta":{"_acf_changed":false,"_seopress_robots_primary_cat":"none","_seopress_titles_title":"New appointments in Sweco Finland's management","_seopress_titles_desc":"Sweco has made two new appointments to support the implementation of the company's growth strategy.","_seopress_robots_index":"","footnotes":""},"categories":[96],"tags":[1062],"class_list":["post-69499","post","type-post","status-publish","format-standard","has-post-thumbnail","hentry","category-press-releases","tag-appointments"],"acf":[],"_links":{"self":[{"href":"https:\/\/www.sweco.fi\/en\/wp-json\/wp\/v2\/posts\/69499","targetHints":{"allow":["GET"]}}],"collection":[{"href":"https:\/\/www.sweco.fi\/en\/wp-json\/wp\/v2\/posts"}],"about":[{"href":"https:\/\/www.sweco.fi\/en\/wp-json\/wp\/v2\/types\/post"}],"author":[{"embeddable":true,"href":"https:\/\/www.sweco.fi\/en\/wp-json\/wp\/v2\/users\/175"}],"replies":[{"embeddable":true,"href":"https:\/\/www.sweco.fi\/en\/wp-json\/wp\/v2\/comments?post=69499"}],"version-history":[{"count":5,"href":"https:\/\/www.sweco.fi\/en\/wp-json\/wp\/v2\/posts\/69499\/revisions"}],"predecessor-version":[{"id":69633,"href":"https:\/\/www.sweco.fi\/en\/wp-json\/wp\/v2\/posts\/69499\/revisions\/69633"}],"wp:featuredmedia":[{"embeddable":true,"href":"https:\/\/www.sweco.fi\/en\/wp-json\/wp\/v2\/media\/69541"}],"wp:attachment":[{"href":"https:\/\/www.sweco.fi\/en\/wp-json\/wp\/v2\/media?parent=69499"}],"wp:term":[{"taxonomy":"category","embeddable":true,"href":"https:\/\/www.sweco.fi\/en\/wp-json\/wp\/v2\/categories?post=69499"},{"taxonomy":"post_tag","embeddable":true,"href":"https:\/\/www.sweco.fi\/en\/wp-json\/wp\/v2\/tags?post=69499"}],"curies":[{"name":"wp","href":"https:\/\/api.w.org\/{rel}","templated":true}]}}